{"id":580,"date":"2012-05-15T20:01:11","date_gmt":"2012-05-15T20:01:11","guid":{"rendered":"https:\/\/www.christine-rauh.com\/?p=580"},"modified":"2018-10-01T13:50:41","modified_gmt":"2018-10-01T11:50:41","slug":"interview-fuer-das-belgische-radio","status":"publish","type":"post","link":"https:\/\/www.christine-rauh.com\/de\/interview-fuer-das-belgische-radio\/","title":{"rendered":"Interview mit dem belgischen Rundfunk"},"content":{"rendered":"<p><strong>Christine Rauh im Interview nach Philharmonie Berlin Konzert <\/strong><\/p>\n<p>Ich war gerade dabei, Berlin zu verlassen und wieder &#8218;gen S\u00fcden zu fahren, als das Telefon klingelte. Ich vernahm eine weibliche Stimme am anderen Ende des Telefons, \u00fcbergl\u00fccklich nach stundenlanger(!) Suchaktion erfolgreich Kontakt aufgenommen haben zu k\u00f6nnen. Sie hatte mein Konzert in der Philharmonie Berlin besucht und wollte unbedingt ein Interview von mir f\u00fcr das Belgische Radio. Also dreht ich um, fuhr zur\u00fcck zum Konzertort und sah drei reizende junge Damen auf mich warten. Kim, Gwendolyn und Marieke erkl\u00e4rten mir, sie arbeiteten an einem Radioprojekt.<\/p>\n<p>Hier ist unser Telefoninterview ein paar Wochen sp\u00e4ter:<\/p>\n<!--[if lt IE 9]><script>document.createElement('audio');<\/script><![endif]-->\n<audio class=\"wp-audio-shortcode\" id=\"audio-580-1\" preload=\"none\" style=\"width: 100%;\" controls=\"controls\"><source type=\"audio\/mpeg\" src=\"https:\/\/www.christine-rauh.com\/wp-content\/uploads\/epk\/christine_rauh_radio_interview.mp3?_=1\" \/><a href=\"https:\/\/www.christine-rauh.com\/wp-content\/uploads\/epk\/christine_rauh_radio_interview.mp3\">https:\/\/www.christine-rauh.com\/wp-content\/uploads\/epk\/christine_rauh_radio_interview.mp3<\/a><\/audio>\n","protected":false},"excerpt":{"rendered":"<p>Christine Rauh im Interview nach Philharmonie Berlin Konzert Ich war gerade dabei, Berlin zu verlassen und wieder &#8218;gen S\u00fcden zu fahren, als das Telefon klingelte. Ich vernahm eine weibliche Stimme am anderen Ende des \u2026<\/p>\n","protected":false},"author":2,"featured_media":0,"comment_status":"open","ping_status":"open","sticky":false,"template":"","format":"standard","meta":{"_acf_changed":false,"footnotes":""},"categories":[4],"tags":[],"class_list":["post-580","post","type-post","status-publish","format-standard","hentry","category-blog-de"],"acf":[],"yoast_head":"<!-- This site is optimized with the Yoast SEO plugin v23.2 - https:\/\/yoast.com\/wordpress\/plugins\/seo\/ -->\n<title>Interview mit dem belgischen Rundfunk - Christine Rauh - Cellistin &amp; Moderatorin<\/title>\n<meta name=\"robots\" content=\"index, follow, max-snippet:-1, max-image-preview:large, max-video-preview:-1\" \/>\n<link rel=\"canonical\" href=\"https:\/\/www.christine-rauh.com\/de\/interview-fuer-das-belgische-radio\/\" \/>\n<meta name=\"twitter:label1\" content=\"Verfasst von\" \/>\n\t<meta name=\"twitter:data1\" content=\"Christine\" \/>\n\t<meta name=\"twitter:label2\" content=\"Gesch\u00e4tzte Lesezeit\" \/>\n\t<meta name=\"twitter:data2\" content=\"1\u00a0Minute\" \/>\n<script type=\"application\/ld+json\" class=\"yoast-schema-graph\">{\"@context\":\"https:\/\/schema.org\",\"@graph\":[{\"@type\":\"WebPage\",\"@id\":\"https:\/\/www.christine-rauh.com\/de\/interview-fuer-das-belgische-radio\/\",\"url\":\"https:\/\/www.christine-rauh.com\/de\/interview-fuer-das-belgische-radio\/\",\"name\":\"Interview mit dem belgischen Rundfunk - Christine Rauh - Cellistin &amp; Moderatorin\",\"isPartOf\":{\"@id\":\"https:\/\/www.christine-rauh.com\/de\/#website\"},\"datePublished\":\"2012-05-15T20:01:11+00:00\",\"dateModified\":\"2018-10-01T11:50:41+00:00\",\"author\":{\"@id\":\"https:\/\/www.christine-rauh.com\/de\/#\/schema\/person\/21751798cc35209c246b665151aa2f63\"},\"inLanguage\":\"de\",\"potentialAction\":[{\"@type\":\"ReadAction\",\"target\":[\"https:\/\/www.christine-rauh.com\/de\/interview-fuer-das-belgische-radio\/\"]}]},{\"@type\":\"WebSite\",\"@id\":\"https:\/\/www.christine-rauh.com\/de\/#website\",\"url\":\"https:\/\/www.christine-rauh.com\/de\/\",\"name\":\"Christine Rauh - Cellistin &amp; Moderatorin\",\"description\":\"\",\"potentialAction\":[{\"@type\":\"SearchAction\",\"target\":{\"@type\":\"EntryPoint\",\"urlTemplate\":\"https:\/\/www.christine-rauh.com\/de\/?s={search_term_string}\"},\"query-input\":\"required name=search_term_string\"}],\"inLanguage\":\"de\"},{\"@type\":\"Person\",\"@id\":\"https:\/\/www.christine-rauh.com\/de\/#\/schema\/person\/21751798cc35209c246b665151aa2f63\",\"name\":\"Christine\",\"url\":\"https:\/\/www.christine-rauh.com\/de\/author\/christine\/\"}]}<\/script>\n<!-- \/ Yoast SEO plugin. -->","yoast_head_json":{"title":"Interview mit dem belgischen Rundfunk - Christine Rauh - Cellistin &amp; Moderatorin","robots":{"index":"index","follow":"follow","max-snippet":"max-snippet:-1","max-image-preview":"max-image-preview:large","max-video-preview":"max-video-preview:-1"},"canonical":"https:\/\/www.christine-rauh.com\/de\/interview-fuer-das-belgische-radio\/","twitter_misc":{"Verfasst von":"Christine","Gesch\u00e4tzte Lesezeit":"1\u00a0Minute"},"schema":{"@context":"https:\/\/schema.org","@graph":[{"@type":"WebPage","@id":"https:\/\/www.christine-rauh.com\/de\/interview-fuer-das-belgische-radio\/","url":"https:\/\/www.christine-rauh.com\/de\/interview-fuer-das-belgische-radio\/","name":"Interview mit dem belgischen Rundfunk - Christine Rauh - Cellistin &amp; Moderatorin","isPartOf":{"@id":"https:\/\/www.christine-rauh.com\/de\/#website"},"datePublished":"2012-05-15T20:01:11+00:00","dateModified":"2018-10-01T11:50:41+00:00","author":{"@id":"https:\/\/www.christine-rauh.com\/de\/#\/schema\/person\/21751798cc35209c246b665151aa2f63"},"inLanguage":"de","potentialAction":[{"@type":"ReadAction","target":["https:\/\/www.christine-rauh.com\/de\/interview-fuer-das-belgische-radio\/"]}]},{"@type":"WebSite","@id":"https:\/\/www.christine-rauh.com\/de\/#website","url":"https:\/\/www.christine-rauh.com\/de\/","name":"Christine Rauh - Cellistin &amp; Moderatorin","description":"","potentialAction":[{"@type":"SearchAction","target":{"@type":"EntryPoint","urlTemplate":"https:\/\/www.christine-rauh.com\/de\/?s={search_term_string}"},"query-input":"required name=search_term_string"}],"inLanguage":"de"},{"@type":"Person","@id":"https:\/\/www.christine-rauh.com\/de\/#\/schema\/person\/21751798cc35209c246b665151aa2f63","name":"Christine","url":"https:\/\/www.christine-rauh.com\/de\/author\/christine\/"}]}},"_links":{"self":[{"href":"https:\/\/www.christine-rauh.com\/de\/wp-json\/wp\/v2\/posts\/580"}],"collection":[{"href":"https:\/\/www.christine-rauh.com\/de\/wp-json\/wp\/v2\/posts"}],"about":[{"href":"https:\/\/www.christine-rauh.com\/de\/wp-json\/wp\/v2\/types\/post"}],"author":[{"embeddable":true,"href":"https:\/\/www.christine-rauh.com\/de\/wp-json\/wp\/v2\/users\/2"}],"replies":[{"embeddable":true,"href":"https:\/\/www.christine-rauh.com\/de\/wp-json\/wp\/v2\/comments?post=580"}],"version-history":[{"count":14,"href":"https:\/\/www.christine-rauh.com\/de\/wp-json\/wp\/v2\/posts\/580\/revisions"}],"predecessor-version":[{"id":3038,"href":"https:\/\/www.christine-rauh.com\/de\/wp-json\/wp\/v2\/posts\/580\/revisions\/3038"}],"wp:attachment":[{"href":"https:\/\/www.christine-rauh.com\/de\/wp-json\/wp\/v2\/media?parent=580"}],"wp:term":[{"taxonomy":"category","embeddable":true,"href":"https:\/\/www.christine-rauh.com\/de\/wp-json\/wp\/v2\/categories?post=580"},{"taxonomy":"post_tag","embeddable":true,"href":"https:\/\/www.christine-rauh.com\/de\/wp-json\/wp\/v2\/tags?post=580"}],"curies":[{"name":"wp","href":"https:\/\/api.w.org\/{rel}","templated":true}]}}