{"id":576,"date":"2012-03-27T19:57:10","date_gmt":"2012-03-27T19:57:10","guid":{"rendered":"https:\/\/www.christine-rauh.com\/?p=576"},"modified":"2012-08-02T18:56:10","modified_gmt":"2012-08-02T16:56:10","slug":"cello-moderation-in-der-philharmonie-berlin","status":"publish","type":"post","link":"https:\/\/www.christine-rauh.com\/de\/cello-moderation-in-der-philharmonie-berlin\/","title":{"rendered":"Cello &#038; Moderation in der Philharmonie Berlin"},"content":{"rendered":"<img loading=\"lazy\" decoding=\"async\" class=\"alignnone size-full wp-image-896\" title=\"Christine Rauh, Philharmonie Berlin, Cello, Moderation\" src=\"https:\/\/www.christine-rauh.com\/wp-content\/uploads\/2012\/07\/Philharmonie-Berlin-1.jpg\" alt=\"\" width=\"400\" height=\"268\" \/>\n<img loading=\"lazy\" decoding=\"async\" class=\"alignleft size-thumbnail wp-image-898\" title=\"Christine Rauh, Philharmonie Berlin, Cello, Moderation\" src=\"https:\/\/www.christine-rauh.com\/wp-content\/uploads\/2012\/07\/Philharmonie-Berlin-2-181x122.jpg\" alt=\"\" width=\"181\" height=\"122\" \/>\n<p>&nbsp;<\/p>\n<p>Was f\u00fcr ein wunderbarer Konzertort, was f\u00fcr ein tolles Publikum! Ich war begeistert von der Offenheit, geno\u00df es, meine Passion f\u00fcr die Musik zu teilen &#8211; in Wort und Ton. Gro\u00dfartige Atmosph\u00e4re!<\/p>\n","protected":false},"excerpt":{"rendered":"<p>&nbsp; Was f\u00fcr ein wunderbarer Konzertort, was f\u00fcr ein tolles Publikum! Ich war begeistert von der Offenheit, geno\u00df es, meine Passion f\u00fcr die Musik zu teilen &#8211; in Wort und Ton. Gro\u00dfartige Atmosph\u00e4re!<\/p>\n","protected":false},"author":2,"featured_media":1272,"comment_status":"open","ping_status":"open","sticky":false,"template":"","format":"standard","meta":{"_acf_changed":false,"footnotes":""},"categories":[4],"tags":[],"class_list":["post-576","post","type-post","status-publish","format-standard","has-post-thumbnail","hentry","category-blog-de"],"acf":[],"yoast_head":"<!-- This site is optimized with the Yoast SEO plugin v23.2 - https:\/\/yoast.com\/wordpress\/plugins\/seo\/ -->\n<title>Cello &amp; Moderation in der Philharmonie Berlin - Christine Rauh - Cellistin &amp; Moderatorin<\/title>\n<meta name=\"robots\" content=\"index, follow, max-snippet:-1, max-image-preview:large, max-video-preview:-1\" \/>\n<link rel=\"canonical\" href=\"https:\/\/www.christine-rauh.com\/de\/cello-moderation-in-der-philharmonie-berlin\/\" \/>\n<meta name=\"twitter:label1\" content=\"Verfasst von\" \/>\n\t<meta name=\"twitter:data1\" content=\"Christine\" \/>\n<script type=\"application\/ld+json\" class=\"yoast-schema-graph\">{\"@context\":\"https:\/\/schema.org\",\"@graph\":[{\"@type\":\"WebPage\",\"@id\":\"https:\/\/www.christine-rauh.com\/de\/cello-moderation-in-der-philharmonie-berlin\/\",\"url\":\"https:\/\/www.christine-rauh.com\/de\/cello-moderation-in-der-philharmonie-berlin\/\",\"name\":\"Cello & Moderation in der Philharmonie Berlin - Christine Rauh - Cellistin &amp; Moderatorin\",\"isPartOf\":{\"@id\":\"https:\/\/www.christine-rauh.com\/de\/#website\"},\"primaryImageOfPage\":{\"@id\":\"https:\/\/www.christine-rauh.com\/de\/cello-moderation-in-der-philharmonie-berlin\/#primaryimage\"},\"image\":{\"@id\":\"https:\/\/www.christine-rauh.com\/de\/cello-moderation-in-der-philharmonie-berlin\/#primaryimage\"},\"thumbnailUrl\":\"https:\/\/www.christine-rauh.com\/de\/files\/2012\/03\/Christine-Rauh-Philharmonie-Berlin-Cello-Moderation.jpg\",\"datePublished\":\"2012-03-27T19:57:10+00:00\",\"dateModified\":\"2012-08-02T16:56:10+00:00\",\"author\":{\"@id\":\"https:\/\/www.christine-rauh.com\/de\/#\/schema\/person\/21751798cc35209c246b665151aa2f63\"},\"inLanguage\":\"de\",\"potentialAction\":[{\"@type\":\"ReadAction\",\"target\":[\"https:\/\/www.christine-rauh.com\/de\/cello-moderation-in-der-philharmonie-berlin\/\"]}]},{\"@type\":\"ImageObject\",\"inLanguage\":\"de\",\"@id\":\"https:\/\/www.christine-rauh.com\/de\/cello-moderation-in-der-philharmonie-berlin\/#primaryimage\",\"url\":\"https:\/\/www.christine-rauh.com\/de\/files\/2012\/03\/Christine-Rauh-Philharmonie-Berlin-Cello-Moderation.jpg\",\"contentUrl\":\"https:\/\/www.christine-rauh.com\/de\/files\/2012\/03\/Christine-Rauh-Philharmonie-Berlin-Cello-Moderation.jpg\",\"width\":\"165\",\"height\":\"111\"},{\"@type\":\"WebSite\",\"@id\":\"https:\/\/www.christine-rauh.com\/de\/#website\",\"url\":\"https:\/\/www.christine-rauh.com\/de\/\",\"name\":\"Christine Rauh - Cellistin &amp; Moderatorin\",\"description\":\"\",\"potentialAction\":[{\"@type\":\"SearchAction\",\"target\":{\"@type\":\"EntryPoint\",\"urlTemplate\":\"https:\/\/www.christine-rauh.com\/de\/?s={search_term_string}\"},\"query-input\":\"required name=search_term_string\"}],\"inLanguage\":\"de\"},{\"@type\":\"Person\",\"@id\":\"https:\/\/www.christine-rauh.com\/de\/#\/schema\/person\/21751798cc35209c246b665151aa2f63\",\"name\":\"Christine\",\"url\":\"https:\/\/www.christine-rauh.com\/de\/author\/christine\/\"}]}<\/script>\n<!-- \/ Yoast SEO plugin. -->","yoast_head_json":{"title":"Cello & Moderation in der Philharmonie Berlin - Christine Rauh - Cellistin &amp; Moderatorin","robots":{"index":"index","follow":"follow","max-snippet":"max-snippet:-1","max-image-preview":"max-image-preview:large","max-video-preview":"max-video-preview:-1"},"canonical":"https:\/\/www.christine-rauh.com\/de\/cello-moderation-in-der-philharmonie-berlin\/","twitter_misc":{"Verfasst von":"Christine"},"schema":{"@context":"https:\/\/schema.org","@graph":[{"@type":"WebPage","@id":"https:\/\/www.christine-rauh.com\/de\/cello-moderation-in-der-philharmonie-berlin\/","url":"https:\/\/www.christine-rauh.com\/de\/cello-moderation-in-der-philharmonie-berlin\/","name":"Cello & Moderation in der Philharmonie Berlin - Christine Rauh - Cellistin &amp; Moderatorin","isPartOf":{"@id":"https:\/\/www.christine-rauh.com\/de\/#website"},"primaryImageOfPage":{"@id":"https:\/\/www.christine-rauh.com\/de\/cello-moderation-in-der-philharmonie-berlin\/#primaryimage"},"image":{"@id":"https:\/\/www.christine-rauh.com\/de\/cello-moderation-in-der-philharmonie-berlin\/#primaryimage"},"thumbnailUrl":"https:\/\/www.christine-rauh.com\/de\/files\/2012\/03\/Christine-Rauh-Philharmonie-Berlin-Cello-Moderation.jpg","datePublished":"2012-03-27T19:57:10+00:00","dateModified":"2012-08-02T16:56:10+00:00","author":{"@id":"https:\/\/www.christine-rauh.com\/de\/#\/schema\/person\/21751798cc35209c246b665151aa2f63"},"inLanguage":"de","potentialAction":[{"@type":"ReadAction","target":["https:\/\/www.christine-rauh.com\/de\/cello-moderation-in-der-philharmonie-berlin\/"]}]},{"@type":"ImageObject","inLanguage":"de","@id":"https:\/\/www.christine-rauh.com\/de\/cello-moderation-in-der-philharmonie-berlin\/#primaryimage","url":"https:\/\/www.christine-rauh.com\/de\/files\/2012\/03\/Christine-Rauh-Philharmonie-Berlin-Cello-Moderation.jpg","contentUrl":"https:\/\/www.christine-rauh.com\/de\/files\/2012\/03\/Christine-Rauh-Philharmonie-Berlin-Cello-Moderation.jpg","width":"165","height":"111"},{"@type":"WebSite","@id":"https:\/\/www.christine-rauh.com\/de\/#website","url":"https:\/\/www.christine-rauh.com\/de\/","name":"Christine Rauh - Cellistin &amp; Moderatorin","description":"","potentialAction":[{"@type":"SearchAction","target":{"@type":"EntryPoint","urlTemplate":"https:\/\/www.christine-rauh.com\/de\/?s={search_term_string}"},"query-input":"required name=search_term_string"}],"inLanguage":"de"},{"@type":"Person","@id":"https:\/\/www.christine-rauh.com\/de\/#\/schema\/person\/21751798cc35209c246b665151aa2f63","name":"Christine","url":"https:\/\/www.christine-rauh.com\/de\/author\/christine\/"}]}},"_links":{"self":[{"href":"https:\/\/www.christine-rauh.com\/de\/wp-json\/wp\/v2\/posts\/576"}],"collection":[{"href":"https:\/\/www.christine-rauh.com\/de\/wp-json\/wp\/v2\/posts"}],"about":[{"href":"https:\/\/www.christine-rauh.com\/de\/wp-json\/wp\/v2\/types\/post"}],"author":[{"embeddable":true,"href":"https:\/\/www.christine-rauh.com\/de\/wp-json\/wp\/v2\/users\/2"}],"replies":[{"embeddable":true,"href":"https:\/\/www.christine-rauh.com\/de\/wp-json\/wp\/v2\/comments?post=576"}],"version-history":[{"count":5,"href":"https:\/\/www.christine-rauh.com\/de\/wp-json\/wp\/v2\/posts\/576\/revisions"}],"predecessor-version":[{"id":1559,"href":"https:\/\/www.christine-rauh.com\/de\/wp-json\/wp\/v2\/posts\/576\/revisions\/1559"}],"wp:featuredmedia":[{"embeddable":true,"href":"https:\/\/www.christine-rauh.com\/de\/wp-json\/wp\/v2\/media\/1272"}],"wp:attachment":[{"href":"https:\/\/www.christine-rauh.com\/de\/wp-json\/wp\/v2\/media?parent=576"}],"wp:term":[{"taxonomy":"category","embeddable":true,"href":"https:\/\/www.christine-rauh.com\/de\/wp-json\/wp\/v2\/categories?post=576"},{"taxonomy":"post_tag","embeddable":true,"href":"https:\/\/www.christine-rauh.com\/de\/wp-json\/wp\/v2\/tags?post=576"}],"curies":[{"name":"wp","href":"https:\/\/api.w.org\/{rel}","templated":true}]}}