{"id":563,"date":"2012-03-14T19:47:51","date_gmt":"2012-03-14T19:47:51","guid":{"rendered":"https:\/\/www.christine-rauh.com\/?p=563"},"modified":"2012-08-02T18:47:09","modified_gmt":"2012-08-02T16:47:09","slug":"eingeladen-zur-women-in-european-business-conference","status":"publish","type":"post","link":"https:\/\/www.christine-rauh.com\/de\/eingeladen-zur-women-in-european-business-conference\/","title":{"rendered":"Eingeladen zur Women in European Business Conference"},"content":{"rendered":"<p><strong>&#8222;Passion to Perform&#8220;<\/strong><\/p>\n<p>Christine Rauh ist als einzige Vertreterin aus der Kulturbranche zur Women in European Business Conference der Deutschen Bank eingeladen.<\/p>\n<p>Thema der Diskussion: &#8218;A New Deal &#8211; Balancing Corporate and Public Needs&#8216;<\/p>\n<p>In der Runde:<br \/> Prof. Dr. Gesine Schwan (Pr\u00e4sidentin der Humboldt-Viadrina School of Governance)<br \/> Joschka Fischer (Ehem. Au\u00dfenminister und Vize-Kanzler Deutschlands)<br \/> Viviane Reding (Vizepr\u00e4sidentin der Europ\u00e4ischen Kommission und Kommissarin f\u00fcr Justiz, Grundrechte und B\u00fcrgerschaft)<br \/> Dieter Rucht (Soziologe)<br \/> Gerlinde Siebert (Managing Director, Global Credit Products, Deutsche Bank AG and WEB Steering Committee)<\/p>\n<img loading=\"lazy\" decoding=\"async\" class=\"alignleft size-medium wp-image-878\" title=\"Christine Rauh, Women in European Business Konferenz, Deutsche Bank\" src=\"https:\/\/www.christine-rauh.com\/wp-content\/uploads\/2012\/07\/WEB-Conference-535x399.jpg\" alt=\"\" width=\"535\" height=\"399\" \/>\n<p>F\u00fcr weitere Informationen bitte <a title=\"Christine Rauh bei der Women in European Business Conference der Deutschen Bank [www.womeninbusiness.db.com\/en\/content\/frankfurt_previous_event.html]\" href=\"http:\/\/www.womeninbusiness.db.com\/de\/content\/frankfurt_next_event.html\" target=\"_blank\"> hier klicken<\/a>.<\/p>\n","protected":false},"excerpt":{"rendered":"<p>&#8222;Passion to Perform&#8220; Christine Rauh ist als einzige Vertreterin aus der Kulturbranche zur Women in European Business Conference der Deutschen Bank eingeladen. Thema der Diskussion: &#8218;A New Deal &#8211; Balancing Corporate and Public Needs&#8216; \u2026<\/p>\n","protected":false},"author":2,"featured_media":0,"comment_status":"open","ping_status":"open","sticky":false,"template":"","format":"standard","meta":{"_acf_changed":false,"footnotes":""},"categories":[4],"tags":[],"class_list":["post-563","post","type-post","status-publish","format-standard","hentry","category-blog-de"],"acf":[],"yoast_head":"<!-- This site is optimized with the Yoast SEO plugin v23.2 - https:\/\/yoast.com\/wordpress\/plugins\/seo\/ -->\n<title>Eingeladen zur Women in European Business Conference - Christine Rauh - Cellistin &amp; Moderatorin<\/title>\n<meta name=\"robots\" content=\"index, follow, max-snippet:-1, max-image-preview:large, max-video-preview:-1\" \/>\n<link rel=\"canonical\" href=\"https:\/\/www.christine-rauh.com\/de\/eingeladen-zur-women-in-european-business-conference\/\" \/>\n<meta name=\"twitter:label1\" content=\"Verfasst von\" \/>\n\t<meta name=\"twitter:data1\" content=\"Christine\" \/>\n<script type=\"application\/ld+json\" class=\"yoast-schema-graph\">{\"@context\":\"https:\/\/schema.org\",\"@graph\":[{\"@type\":\"WebPage\",\"@id\":\"https:\/\/www.christine-rauh.com\/de\/eingeladen-zur-women-in-european-business-conference\/\",\"url\":\"https:\/\/www.christine-rauh.com\/de\/eingeladen-zur-women-in-european-business-conference\/\",\"name\":\"Eingeladen zur Women in European Business Conference - Christine Rauh - Cellistin &amp; Moderatorin\",\"isPartOf\":{\"@id\":\"https:\/\/www.christine-rauh.com\/de\/#website\"},\"primaryImageOfPage\":{\"@id\":\"https:\/\/www.christine-rauh.com\/de\/eingeladen-zur-women-in-european-business-conference\/#primaryimage\"},\"image\":{\"@id\":\"https:\/\/www.christine-rauh.com\/de\/eingeladen-zur-women-in-european-business-conference\/#primaryimage\"},\"thumbnailUrl\":\"https:\/\/www.christine-rauh.com\/wp-content\/uploads\/2012\/07\/WEB-Conference-535x399.jpg\",\"datePublished\":\"2012-03-14T19:47:51+00:00\",\"dateModified\":\"2012-08-02T16:47:09+00:00\",\"author\":{\"@id\":\"https:\/\/www.christine-rauh.com\/de\/#\/schema\/person\/21751798cc35209c246b665151aa2f63\"},\"inLanguage\":\"de\",\"potentialAction\":[{\"@type\":\"ReadAction\",\"target\":[\"https:\/\/www.christine-rauh.com\/de\/eingeladen-zur-women-in-european-business-conference\/\"]}]},{\"@type\":\"ImageObject\",\"inLanguage\":\"de\",\"@id\":\"https:\/\/www.christine-rauh.com\/de\/eingeladen-zur-women-in-european-business-conference\/#primaryimage\",\"url\":\"https:\/\/www.christine-rauh.com\/wp-content\/uploads\/2012\/07\/WEB-Conference-535x399.jpg\",\"contentUrl\":\"https:\/\/www.christine-rauh.com\/wp-content\/uploads\/2012\/07\/WEB-Conference-535x399.jpg\"},{\"@type\":\"WebSite\",\"@id\":\"https:\/\/www.christine-rauh.com\/de\/#website\",\"url\":\"https:\/\/www.christine-rauh.com\/de\/\",\"name\":\"Christine Rauh - Cellistin &amp; Moderatorin\",\"description\":\"\",\"potentialAction\":[{\"@type\":\"SearchAction\",\"target\":{\"@type\":\"EntryPoint\",\"urlTemplate\":\"https:\/\/www.christine-rauh.com\/de\/?s={search_term_string}\"},\"query-input\":\"required name=search_term_string\"}],\"inLanguage\":\"de\"},{\"@type\":\"Person\",\"@id\":\"https:\/\/www.christine-rauh.com\/de\/#\/schema\/person\/21751798cc35209c246b665151aa2f63\",\"name\":\"Christine\",\"url\":\"https:\/\/www.christine-rauh.com\/de\/author\/christine\/\"}]}<\/script>\n<!-- \/ Yoast SEO plugin. -->","yoast_head_json":{"title":"Eingeladen zur Women in European Business Conference - Christine Rauh - Cellistin &amp; Moderatorin","robots":{"index":"index","follow":"follow","max-snippet":"max-snippet:-1","max-image-preview":"max-image-preview:large","max-video-preview":"max-video-preview:-1"},"canonical":"https:\/\/www.christine-rauh.com\/de\/eingeladen-zur-women-in-european-business-conference\/","twitter_misc":{"Verfasst von":"Christine"},"schema":{"@context":"https:\/\/schema.org","@graph":[{"@type":"WebPage","@id":"https:\/\/www.christine-rauh.com\/de\/eingeladen-zur-women-in-european-business-conference\/","url":"https:\/\/www.christine-rauh.com\/de\/eingeladen-zur-women-in-european-business-conference\/","name":"Eingeladen zur Women in European Business Conference - Christine Rauh - Cellistin &amp; Moderatorin","isPartOf":{"@id":"https:\/\/www.christine-rauh.com\/de\/#website"},"primaryImageOfPage":{"@id":"https:\/\/www.christine-rauh.com\/de\/eingeladen-zur-women-in-european-business-conference\/#primaryimage"},"image":{"@id":"https:\/\/www.christine-rauh.com\/de\/eingeladen-zur-women-in-european-business-conference\/#primaryimage"},"thumbnailUrl":"https:\/\/www.christine-rauh.com\/wp-content\/uploads\/2012\/07\/WEB-Conference-535x399.jpg","datePublished":"2012-03-14T19:47:51+00:00","dateModified":"2012-08-02T16:47:09+00:00","author":{"@id":"https:\/\/www.christine-rauh.com\/de\/#\/schema\/person\/21751798cc35209c246b665151aa2f63"},"inLanguage":"de","potentialAction":[{"@type":"ReadAction","target":["https:\/\/www.christine-rauh.com\/de\/eingeladen-zur-women-in-european-business-conference\/"]}]},{"@type":"ImageObject","inLanguage":"de","@id":"https:\/\/www.christine-rauh.com\/de\/eingeladen-zur-women-in-european-business-conference\/#primaryimage","url":"https:\/\/www.christine-rauh.com\/wp-content\/uploads\/2012\/07\/WEB-Conference-535x399.jpg","contentUrl":"https:\/\/www.christine-rauh.com\/wp-content\/uploads\/2012\/07\/WEB-Conference-535x399.jpg"},{"@type":"WebSite","@id":"https:\/\/www.christine-rauh.com\/de\/#website","url":"https:\/\/www.christine-rauh.com\/de\/","name":"Christine Rauh - Cellistin &amp; Moderatorin","description":"","potentialAction":[{"@type":"SearchAction","target":{"@type":"EntryPoint","urlTemplate":"https:\/\/www.christine-rauh.com\/de\/?s={search_term_string}"},"query-input":"required name=search_term_string"}],"inLanguage":"de"},{"@type":"Person","@id":"https:\/\/www.christine-rauh.com\/de\/#\/schema\/person\/21751798cc35209c246b665151aa2f63","name":"Christine","url":"https:\/\/www.christine-rauh.com\/de\/author\/christine\/"}]}},"_links":{"self":[{"href":"https:\/\/www.christine-rauh.com\/de\/wp-json\/wp\/v2\/posts\/563"}],"collection":[{"href":"https:\/\/www.christine-rauh.com\/de\/wp-json\/wp\/v2\/posts"}],"about":[{"href":"https:\/\/www.christine-rauh.com\/de\/wp-json\/wp\/v2\/types\/post"}],"author":[{"embeddable":true,"href":"https:\/\/www.christine-rauh.com\/de\/wp-json\/wp\/v2\/users\/2"}],"replies":[{"embeddable":true,"href":"https:\/\/www.christine-rauh.com\/de\/wp-json\/wp\/v2\/comments?post=563"}],"version-history":[{"count":7,"href":"https:\/\/www.christine-rauh.com\/de\/wp-json\/wp\/v2\/posts\/563\/revisions"}],"predecessor-version":[{"id":1557,"href":"https:\/\/www.christine-rauh.com\/de\/wp-json\/wp\/v2\/posts\/563\/revisions\/1557"}],"wp:attachment":[{"href":"https:\/\/www.christine-rauh.com\/de\/wp-json\/wp\/v2\/media?parent=563"}],"wp:term":[{"taxonomy":"category","embeddable":true,"href":"https:\/\/www.christine-rauh.com\/de\/wp-json\/wp\/v2\/categories?post=563"},{"taxonomy":"post_tag","embeddable":true,"href":"https:\/\/www.christine-rauh.com\/de\/wp-json\/wp\/v2\/tags?post=563"}],"curies":[{"name":"wp","href":"https:\/\/api.w.org\/{rel}","templated":true}]}}