{"id":2726,"date":"2015-03-10T14:20:58","date_gmt":"2015-03-10T13:20:58","guid":{"rendered":"https:\/\/www.christine-rauh.com\/de\/?p=2726"},"modified":"2019-05-23T12:41:33","modified_gmt":"2019-05-23T10:41:33","slug":"christine-rauh-gastiert-bei-swr-kleine-ohren","status":"publish","type":"post","link":"https:\/\/www.christine-rauh.com\/de\/christine-rauh-gastiert-bei-swr-kleine-ohren\/","title":{"rendered":"Christine Rauh gastiert bei <br> SWR \u201eKleine Ohren\u201c"},"content":{"rendered":"<p>Das Education-Programm \u201eKleine Ohren\u201c der Deutschen Radio Philharmonie Saarbr\u00fccken Kaiserslautern bringt unbekannte Musik zum Klingen: Christine Rauh spielt das Konzert des ukrainischen Komponisten Nikolai Kapustin. SWR2-Musikredakteurin Sabine Fallenstein hat sich mit ihr unterhalten.<\/p>\n<!--[if lt IE 9]><script>document.createElement('audio');<\/script><![endif]-->\n<audio class=\"wp-audio-shortcode\" id=\"audio-2726-1\" preload=\"none\" style=\"width: 100%;\" controls=\"controls\"><source type=\"audio\/mpeg\" src=\"https:\/\/www.christine-rauh.com\/wp-content\/uploads\/music\/christine_rauh_cello_interview_cluster.mp3?_=1\" \/><a href=\"https:\/\/www.christine-rauh.com\/wp-content\/uploads\/music\/christine_rauh_cello_interview_cluster.mp3\">https:\/\/www.christine-rauh.com\/wp-content\/uploads\/music\/christine_rauh_cello_interview_cluster.mp3<\/a><\/audio>\n","protected":false},"excerpt":{"rendered":"<p>Das Education-Programm \u201eKleine Ohren\u201c der Deutschen Radio Philharmonie Saarbr\u00fccken Kaiserslautern bringt unbekannte Musik zum Klingen: Christine Rauh spielt das Konzert des ukrainischen Komponisten Nikolai Kapustin. SWR2-Musikredakteurin Sabine Fallenstein hat sich mit ihr unterhalten.<\/p>\n","protected":false},"author":1,"featured_media":0,"comment_status":"closed","ping_status":"closed","sticky":false,"template":"","format":"standard","meta":{"_acf_changed":false,"footnotes":""},"categories":[42],"tags":[],"class_list":["post-2726","post","type-post","status-publish","format-standard","hentry","category-feature"],"acf":[],"yoast_head":"<!-- This site is optimized with the Yoast SEO plugin v23.2 - https:\/\/yoast.com\/wordpress\/plugins\/seo\/ -->\n<title>Christine Rauh gastiert bei  SWR \u201eKleine Ohren\u201c - Christine Rauh - Cellistin &amp; Moderatorin<\/title>\n<meta name=\"description\" content=\"SWR-Moderatorin Sabine Fallenstein im Gespr\u00e4ch mit Christine Rauh. \u00dcber ihre neue CD-Einspielung mit der Deutschen Radio Philharmonie und ihr Faible f\u00fcr Jazz.\" \/>\n<meta name=\"robots\" content=\"index, follow, max-snippet:-1, max-image-preview:large, max-video-preview:-1\" \/>\n<link rel=\"canonical\" href=\"https:\/\/www.christine-rauh.com\/de\/christine-rauh-gastiert-bei-swr-kleine-ohren\/\" \/>\n<meta name=\"twitter:label1\" content=\"Verfasst von\" \/>\n\t<meta name=\"twitter:data1\" content=\"Christine Rauh Admin\" \/>\n<script type=\"application\/ld+json\" class=\"yoast-schema-graph\">{\"@context\":\"https:\/\/schema.org\",\"@graph\":[{\"@type\":\"WebPage\",\"@id\":\"https:\/\/www.christine-rauh.com\/de\/christine-rauh-gastiert-bei-swr-kleine-ohren\/\",\"url\":\"https:\/\/www.christine-rauh.com\/de\/christine-rauh-gastiert-bei-swr-kleine-ohren\/\",\"name\":\"Christine Rauh gastiert bei SWR \u201eKleine Ohren\u201c - Christine Rauh - Cellistin &amp; Moderatorin\",\"isPartOf\":{\"@id\":\"https:\/\/www.christine-rauh.com\/de\/#website\"},\"datePublished\":\"2015-03-10T13:20:58+00:00\",\"dateModified\":\"2019-05-23T10:41:33+00:00\",\"author\":{\"@id\":\"https:\/\/www.christine-rauh.com\/de\/#\/schema\/person\/59ff899064035a20f5c49f5c5f18cd8f\"},\"description\":\"SWR-Moderatorin Sabine Fallenstein im Gespr\u00e4ch mit Christine Rauh. \u00dcber ihre neue CD-Einspielung mit der Deutschen Radio Philharmonie und ihr Faible f\u00fcr Jazz.\",\"inLanguage\":\"de\",\"potentialAction\":[{\"@type\":\"ReadAction\",\"target\":[\"https:\/\/www.christine-rauh.com\/de\/christine-rauh-gastiert-bei-swr-kleine-ohren\/\"]}]},{\"@type\":\"WebSite\",\"@id\":\"https:\/\/www.christine-rauh.com\/de\/#website\",\"url\":\"https:\/\/www.christine-rauh.com\/de\/\",\"name\":\"Christine Rauh - Cellistin &amp; Moderatorin\",\"description\":\"\",\"potentialAction\":[{\"@type\":\"SearchAction\",\"target\":{\"@type\":\"EntryPoint\",\"urlTemplate\":\"https:\/\/www.christine-rauh.com\/de\/?s={search_term_string}\"},\"query-input\":\"required name=search_term_string\"}],\"inLanguage\":\"de\"},{\"@type\":\"Person\",\"@id\":\"https:\/\/www.christine-rauh.com\/de\/#\/schema\/person\/59ff899064035a20f5c49f5c5f18cd8f\",\"name\":\"Christine Rauh Admin\",\"url\":\"https:\/\/www.christine-rauh.com\/de\/author\/christine-rauh-admin\/\"}]}<\/script>\n<!-- \/ Yoast SEO plugin. -->","yoast_head_json":{"title":"Christine Rauh gastiert bei  SWR \u201eKleine Ohren\u201c - Christine Rauh - Cellistin &amp; Moderatorin","description":"SWR-Moderatorin Sabine Fallenstein im Gespr\u00e4ch mit Christine Rauh. \u00dcber ihre neue CD-Einspielung mit der Deutschen Radio Philharmonie und ihr Faible f\u00fcr Jazz.","robots":{"index":"index","follow":"follow","max-snippet":"max-snippet:-1","max-image-preview":"max-image-preview:large","max-video-preview":"max-video-preview:-1"},"canonical":"https:\/\/www.christine-rauh.com\/de\/christine-rauh-gastiert-bei-swr-kleine-ohren\/","twitter_misc":{"Verfasst von":"Christine Rauh Admin"},"schema":{"@context":"https:\/\/schema.org","@graph":[{"@type":"WebPage","@id":"https:\/\/www.christine-rauh.com\/de\/christine-rauh-gastiert-bei-swr-kleine-ohren\/","url":"https:\/\/www.christine-rauh.com\/de\/christine-rauh-gastiert-bei-swr-kleine-ohren\/","name":"Christine Rauh gastiert bei SWR \u201eKleine Ohren\u201c - Christine Rauh - Cellistin &amp; Moderatorin","isPartOf":{"@id":"https:\/\/www.christine-rauh.com\/de\/#website"},"datePublished":"2015-03-10T13:20:58+00:00","dateModified":"2019-05-23T10:41:33+00:00","author":{"@id":"https:\/\/www.christine-rauh.com\/de\/#\/schema\/person\/59ff899064035a20f5c49f5c5f18cd8f"},"description":"SWR-Moderatorin Sabine Fallenstein im Gespr\u00e4ch mit Christine Rauh. \u00dcber ihre neue CD-Einspielung mit der Deutschen Radio Philharmonie und ihr Faible f\u00fcr Jazz.","inLanguage":"de","potentialAction":[{"@type":"ReadAction","target":["https:\/\/www.christine-rauh.com\/de\/christine-rauh-gastiert-bei-swr-kleine-ohren\/"]}]},{"@type":"WebSite","@id":"https:\/\/www.christine-rauh.com\/de\/#website","url":"https:\/\/www.christine-rauh.com\/de\/","name":"Christine Rauh - Cellistin &amp; Moderatorin","description":"","potentialAction":[{"@type":"SearchAction","target":{"@type":"EntryPoint","urlTemplate":"https:\/\/www.christine-rauh.com\/de\/?s={search_term_string}"},"query-input":"required name=search_term_string"}],"inLanguage":"de"},{"@type":"Person","@id":"https:\/\/www.christine-rauh.com\/de\/#\/schema\/person\/59ff899064035a20f5c49f5c5f18cd8f","name":"Christine Rauh Admin","url":"https:\/\/www.christine-rauh.com\/de\/author\/christine-rauh-admin\/"}]}},"_links":{"self":[{"href":"https:\/\/www.christine-rauh.com\/de\/wp-json\/wp\/v2\/posts\/2726"}],"collection":[{"href":"https:\/\/www.christine-rauh.com\/de\/wp-json\/wp\/v2\/posts"}],"about":[{"href":"https:\/\/www.christine-rauh.com\/de\/wp-json\/wp\/v2\/types\/post"}],"author":[{"embeddable":true,"href":"https:\/\/www.christine-rauh.com\/de\/wp-json\/wp\/v2\/users\/1"}],"replies":[{"embeddable":true,"href":"https:\/\/www.christine-rauh.com\/de\/wp-json\/wp\/v2\/comments?post=2726"}],"version-history":[{"count":17,"href":"https:\/\/www.christine-rauh.com\/de\/wp-json\/wp\/v2\/posts\/2726\/revisions"}],"predecessor-version":[{"id":3190,"href":"https:\/\/www.christine-rauh.com\/de\/wp-json\/wp\/v2\/posts\/2726\/revisions\/3190"}],"wp:attachment":[{"href":"https:\/\/www.christine-rauh.com\/de\/wp-json\/wp\/v2\/media?parent=2726"}],"wp:term":[{"taxonomy":"category","embeddable":true,"href":"https:\/\/www.christine-rauh.com\/de\/wp-json\/wp\/v2\/categories?post=2726"},{"taxonomy":"post_tag","embeddable":true,"href":"https:\/\/www.christine-rauh.com\/de\/wp-json\/wp\/v2\/tags?post=2726"}],"curies":[{"name":"wp","href":"https:\/\/api.w.org\/{rel}","templated":true}]}}