{"id":2535,"date":"2014-07-03T11:10:06","date_gmt":"2014-07-03T09:10:06","guid":{"rendered":"https:\/\/www.christine-rauh.com\/de\/?p=2535"},"modified":"2014-08-29T22:48:46","modified_gmt":"2014-08-29T20:48:46","slug":"unterstuetzen-auch-sie-das-projekt-verfemte-musik-schwerin-2014-der-jeunesses-musicales","status":"publish","type":"post","link":"https:\/\/www.christine-rauh.com\/de\/unterstuetzen-auch-sie-das-projekt-verfemte-musik-schwerin-2014-der-jeunesses-musicales\/","title":{"rendered":"Unterst\u00fctzen auch Sie das Projekt &#8218;Verfemte Musik Schwerin 2014&#8216; der Jeunesses Musicales"},"content":{"rendered":"<p>Ganz herzlichen Gl\u00fcckwunsch zu dem Internationalen Festival Verfemte Musik 2014 und der zugrundeliegenden Idee, Komponisten des 20. Jahrhunderts und ihre Werke, die boykottiert wurden, wiederzuentdecken. Dies ist ein wichtiger Beitrag, um unsere Kunst lebendig zu erhalten und zu erweitern! Als K\u00fcnstlerin und Vertreterin der kulturellen Vielfalt, m\u00f6chte ich Ihnen diese besondere Initiative ans Herz legen. Es lohnt sich, dieses wundervolle Projekt zu unterst\u00fctzen! <br \/> Das Internationale Festival Verfemte Musik findet in diesem Jahr vom 15.9.-5.10.2014 in Schwerin statt. Darin eingebunden der Interpretationswettbewerb Verfemte Musik, 2.-5. Oktober. Das Festival ben\u00f6tigt Ihre Unterst\u00fctzung f\u00fcr die Bereitstellung der Preisgelder f\u00fcr die jungen Studentinnen und Studenten, die im Wettbewerb verfemte Werke darbieten, und f\u00fcr die Aufwandsentsch\u00e4digung der internationalen Jury. Lesen Sie mehr unter <a href=\"http:\/\/www.startnext.de\/verfemte-musik\" target=\"_blank\">www.startnext.de\/verfemte-musik<\/a>.<\/p>\n<p>Vielen Dank!<br \/>\nIhre Christine Rauh<\/p>\n<a href=\"https:\/\/www.christine-rauh.com\/de\/files\/2014\/07\/1.jpg\"><img loading=\"lazy\" decoding=\"async\" class=\"aligncenter wp-image-2541 size-medium\" title=\"Christine Rauh, Cellistin &amp; Moderatorin\" src=\"https:\/\/www.christine-rauh.com\/de\/files\/2014\/07\/1-377x535.jpg\" alt=\"Christine Rauh, Cellistin &amp; Moderatorin\" width=\"377\" height=\"535\" srcset=\"https:\/\/www.christine-rauh.com\/de\/files\/2014\/07\/1-377x535.jpg 377w, https:\/\/www.christine-rauh.com\/de\/files\/2014\/07\/1.jpg 399w\" sizes=\"(max-width: 377px) 100vw, 377px\" \/><\/a>\n<p>&nbsp;<\/p>\n<div class=\"epyt-video-wrapper\"><iframe loading=\"lazy\"  id=\"_ytid_50561\"  width=\"940\" height=\"529\"  data-origwidth=\"940\" data-origheight=\"529\" src=\"https:\/\/www.youtube-nocookie.com\/embed\/6hX_l9AsHtA?enablejsapi=1&#038;origin=https:\/\/www.christine-rauh.com&#038;autoplay=0&#038;cc_load_policy=0&#038;cc_lang_pref=&#038;iv_load_policy=3&#038;loop=0&#038;modestbranding=1&#038;rel=0&#038;fs=1&#038;playsinline=1&#038;autohide=2&#038;theme=light&#038;color=red&#038;controls=1&#038;\" class=\"__youtube_prefs__  epyt-is-override  no-lazyload\" title=\"YouTube player\"  allow=\"fullscreen; accelerometer; autoplay; clipboard-write; encrypted-media; gyroscope; picture-in-picture\" allowfullscreen data-no-lazy=\"1\" data-skipgform_ajax_framebjll=\"\"><\/iframe><\/div>\n","protected":false},"excerpt":{"rendered":"<p>Ganz herzlichen Gl\u00fcckwunsch zu dem Internationalen Festival Verfemte Musik 2014 und der zugrundeliegenden Idee, Komponisten des 20. Jahrhunderts und ihre Werke, die boykottiert wurden, wiederzuentdecken. Dies ist ein wichtiger Beitrag, um unsere Kunst lebendig \u2026<\/p>\n","protected":false},"author":1,"featured_media":2539,"comment_status":"closed","ping_status":"closed","sticky":false,"template":"","format":"standard","meta":{"_acf_changed":false,"footnotes":""},"categories":[4],"tags":[],"class_list":["post-2535","post","type-post","status-publish","format-standard","has-post-thumbnail","hentry","category-blog-de"],"acf":[],"yoast_head":"<!-- This site is optimized with the Yoast SEO plugin v23.2 - https:\/\/yoast.com\/wordpress\/plugins\/seo\/ -->\n<title>Unterst\u00fctzen auch Sie das Projekt der Jeunesses Musicales - Christine Rauh - Cellistin &amp; Moderatorin<\/title>\n<meta name=\"description\" content=\"Als K\u00fcnstlerin und Vertreterin der kulturellen Vielfalt, m\u00f6chte ich Ihnen diese besondere Initiative ans Herz legen.\" \/>\n<meta name=\"robots\" content=\"index, follow, max-snippet:-1, max-image-preview:large, max-video-preview:-1\" \/>\n<link rel=\"canonical\" href=\"https:\/\/www.christine-rauh.com\/de\/unterstuetzen-auch-sie-das-projekt-verfemte-musik-schwerin-2014-der-jeunesses-musicales\/\" \/>\n<meta name=\"twitter:label1\" content=\"Verfasst von\" \/>\n\t<meta name=\"twitter:data1\" content=\"Christine Rauh Admin\" \/>\n\t<meta name=\"twitter:label2\" content=\"Gesch\u00e4tzte Lesezeit\" \/>\n\t<meta name=\"twitter:data2\" content=\"1\u00a0Minute\" \/>\n<script type=\"application\/ld+json\" class=\"yoast-schema-graph\">{\"@context\":\"https:\/\/schema.org\",\"@graph\":[{\"@type\":\"WebPage\",\"@id\":\"https:\/\/www.christine-rauh.com\/de\/unterstuetzen-auch-sie-das-projekt-verfemte-musik-schwerin-2014-der-jeunesses-musicales\/\",\"url\":\"https:\/\/www.christine-rauh.com\/de\/unterstuetzen-auch-sie-das-projekt-verfemte-musik-schwerin-2014-der-jeunesses-musicales\/\",\"name\":\"Unterst\u00fctzen auch Sie das Projekt der Jeunesses Musicales - Christine Rauh - Cellistin & Moderatorin\",\"isPartOf\":{\"@id\":\"https:\/\/www.christine-rauh.com\/de\/#website\"},\"primaryImageOfPage\":{\"@id\":\"https:\/\/www.christine-rauh.com\/de\/unterstuetzen-auch-sie-das-projekt-verfemte-musik-schwerin-2014-der-jeunesses-musicales\/#primaryimage\"},\"image\":{\"@id\":\"https:\/\/www.christine-rauh.com\/de\/unterstuetzen-auch-sie-das-projekt-verfemte-musik-schwerin-2014-der-jeunesses-musicales\/#primaryimage\"},\"thumbnailUrl\":\"https:\/\/www.christine-rauh.com\/de\/files\/2014\/07\/Bildschirmfoto-2014-07-03-um-11.12.18.jpg\",\"datePublished\":\"2014-07-03T09:10:06+00:00\",\"dateModified\":\"2014-08-29T20:48:46+00:00\",\"author\":{\"@id\":\"https:\/\/www.christine-rauh.com\/de\/#\/schema\/person\/59ff899064035a20f5c49f5c5f18cd8f\"},\"description\":\"Als K\u00fcnstlerin und Vertreterin der kulturellen Vielfalt, m\u00f6chte ich Ihnen diese besondere Initiative ans Herz legen.\",\"inLanguage\":\"de\",\"potentialAction\":[{\"@type\":\"ReadAction\",\"target\":[\"https:\/\/www.christine-rauh.com\/de\/unterstuetzen-auch-sie-das-projekt-verfemte-musik-schwerin-2014-der-jeunesses-musicales\/\"]}]},{\"@type\":\"ImageObject\",\"inLanguage\":\"de\",\"@id\":\"https:\/\/www.christine-rauh.com\/de\/unterstuetzen-auch-sie-das-projekt-verfemte-musik-schwerin-2014-der-jeunesses-musicales\/#primaryimage\",\"url\":\"https:\/\/www.christine-rauh.com\/de\/files\/2014\/07\/Bildschirmfoto-2014-07-03-um-11.12.18.jpg\",\"contentUrl\":\"https:\/\/www.christine-rauh.com\/de\/files\/2014\/07\/Bildschirmfoto-2014-07-03-um-11.12.18.jpg\",\"width\":528,\"height\":373},{\"@type\":\"WebSite\",\"@id\":\"https:\/\/www.christine-rauh.com\/de\/#website\",\"url\":\"https:\/\/www.christine-rauh.com\/de\/\",\"name\":\"Christine Rauh - Cellistin &amp; Moderatorin\",\"description\":\"\",\"potentialAction\":[{\"@type\":\"SearchAction\",\"target\":{\"@type\":\"EntryPoint\",\"urlTemplate\":\"https:\/\/www.christine-rauh.com\/de\/?s={search_term_string}\"},\"query-input\":\"required name=search_term_string\"}],\"inLanguage\":\"de\"},{\"@type\":\"Person\",\"@id\":\"https:\/\/www.christine-rauh.com\/de\/#\/schema\/person\/59ff899064035a20f5c49f5c5f18cd8f\",\"name\":\"Christine Rauh Admin\",\"url\":\"https:\/\/www.christine-rauh.com\/de\/author\/christine-rauh-admin\/\"}]}<\/script>\n<!-- \/ Yoast SEO plugin. -->","yoast_head_json":{"title":"Unterst\u00fctzen auch Sie das Projekt der Jeunesses Musicales - Christine Rauh - Cellistin & Moderatorin","description":"Als K\u00fcnstlerin und Vertreterin der kulturellen Vielfalt, m\u00f6chte ich Ihnen diese besondere Initiative ans Herz legen.","robots":{"index":"index","follow":"follow","max-snippet":"max-snippet:-1","max-image-preview":"max-image-preview:large","max-video-preview":"max-video-preview:-1"},"canonical":"https:\/\/www.christine-rauh.com\/de\/unterstuetzen-auch-sie-das-projekt-verfemte-musik-schwerin-2014-der-jeunesses-musicales\/","twitter_misc":{"Verfasst von":"Christine Rauh Admin","Gesch\u00e4tzte Lesezeit":"1\u00a0Minute"},"schema":{"@context":"https:\/\/schema.org","@graph":[{"@type":"WebPage","@id":"https:\/\/www.christine-rauh.com\/de\/unterstuetzen-auch-sie-das-projekt-verfemte-musik-schwerin-2014-der-jeunesses-musicales\/","url":"https:\/\/www.christine-rauh.com\/de\/unterstuetzen-auch-sie-das-projekt-verfemte-musik-schwerin-2014-der-jeunesses-musicales\/","name":"Unterst\u00fctzen auch Sie das Projekt der Jeunesses Musicales - Christine Rauh - Cellistin & Moderatorin","isPartOf":{"@id":"https:\/\/www.christine-rauh.com\/de\/#website"},"primaryImageOfPage":{"@id":"https:\/\/www.christine-rauh.com\/de\/unterstuetzen-auch-sie-das-projekt-verfemte-musik-schwerin-2014-der-jeunesses-musicales\/#primaryimage"},"image":{"@id":"https:\/\/www.christine-rauh.com\/de\/unterstuetzen-auch-sie-das-projekt-verfemte-musik-schwerin-2014-der-jeunesses-musicales\/#primaryimage"},"thumbnailUrl":"https:\/\/www.christine-rauh.com\/de\/files\/2014\/07\/Bildschirmfoto-2014-07-03-um-11.12.18.jpg","datePublished":"2014-07-03T09:10:06+00:00","dateModified":"2014-08-29T20:48:46+00:00","author":{"@id":"https:\/\/www.christine-rauh.com\/de\/#\/schema\/person\/59ff899064035a20f5c49f5c5f18cd8f"},"description":"Als K\u00fcnstlerin und Vertreterin der kulturellen Vielfalt, m\u00f6chte ich Ihnen diese besondere Initiative ans Herz legen.","inLanguage":"de","potentialAction":[{"@type":"ReadAction","target":["https:\/\/www.christine-rauh.com\/de\/unterstuetzen-auch-sie-das-projekt-verfemte-musik-schwerin-2014-der-jeunesses-musicales\/"]}]},{"@type":"ImageObject","inLanguage":"de","@id":"https:\/\/www.christine-rauh.com\/de\/unterstuetzen-auch-sie-das-projekt-verfemte-musik-schwerin-2014-der-jeunesses-musicales\/#primaryimage","url":"https:\/\/www.christine-rauh.com\/de\/files\/2014\/07\/Bildschirmfoto-2014-07-03-um-11.12.18.jpg","contentUrl":"https:\/\/www.christine-rauh.com\/de\/files\/2014\/07\/Bildschirmfoto-2014-07-03-um-11.12.18.jpg","width":528,"height":373},{"@type":"WebSite","@id":"https:\/\/www.christine-rauh.com\/de\/#website","url":"https:\/\/www.christine-rauh.com\/de\/","name":"Christine Rauh - Cellistin &amp; Moderatorin","description":"","potentialAction":[{"@type":"SearchAction","target":{"@type":"EntryPoint","urlTemplate":"https:\/\/www.christine-rauh.com\/de\/?s={search_term_string}"},"query-input":"required name=search_term_string"}],"inLanguage":"de"},{"@type":"Person","@id":"https:\/\/www.christine-rauh.com\/de\/#\/schema\/person\/59ff899064035a20f5c49f5c5f18cd8f","name":"Christine Rauh Admin","url":"https:\/\/www.christine-rauh.com\/de\/author\/christine-rauh-admin\/"}]}},"_links":{"self":[{"href":"https:\/\/www.christine-rauh.com\/de\/wp-json\/wp\/v2\/posts\/2535"}],"collection":[{"href":"https:\/\/www.christine-rauh.com\/de\/wp-json\/wp\/v2\/posts"}],"about":[{"href":"https:\/\/www.christine-rauh.com\/de\/wp-json\/wp\/v2\/types\/post"}],"author":[{"embeddable":true,"href":"https:\/\/www.christine-rauh.com\/de\/wp-json\/wp\/v2\/users\/1"}],"replies":[{"embeddable":true,"href":"https:\/\/www.christine-rauh.com\/de\/wp-json\/wp\/v2\/comments?post=2535"}],"version-history":[{"count":18,"href":"https:\/\/www.christine-rauh.com\/de\/wp-json\/wp\/v2\/posts\/2535\/revisions"}],"predecessor-version":[{"id":2556,"href":"https:\/\/www.christine-rauh.com\/de\/wp-json\/wp\/v2\/posts\/2535\/revisions\/2556"}],"wp:featuredmedia":[{"embeddable":true,"href":"https:\/\/www.christine-rauh.com\/de\/wp-json\/wp\/v2\/media\/2539"}],"wp:attachment":[{"href":"https:\/\/www.christine-rauh.com\/de\/wp-json\/wp\/v2\/media?parent=2535"}],"wp:term":[{"taxonomy":"category","embeddable":true,"href":"https:\/\/www.christine-rauh.com\/de\/wp-json\/wp\/v2\/categories?post=2535"},{"taxonomy":"post_tag","embeddable":true,"href":"https:\/\/www.christine-rauh.com\/de\/wp-json\/wp\/v2\/tags?post=2535"}],"curies":[{"name":"wp","href":"https:\/\/api.w.org\/{rel}","templated":true}]}}