{"id":2460,"date":"2014-04-14T19:12:51","date_gmt":"2014-04-14T17:12:51","guid":{"rendered":"https:\/\/www.christine-rauh.com\/de\/?p=2460"},"modified":"2014-05-08T22:31:03","modified_gmt":"2014-05-08T20:31:03","slug":"danke-alle-fans","status":"publish","type":"post","link":"https:\/\/www.christine-rauh.com\/de\/danke-alle-fans\/","title":{"rendered":"Danke an alle Fans!"},"content":{"rendered":"<p><a href=\"https:\/\/www.christine-rauh.com\/de\/files\/2012\/06\/christine_rauh_cellistin_015.jpg\"><img loading=\"lazy\" decoding=\"async\" class=\"alignleft wp-image-2239 size-medium\" title=\"Christine Rauh, Cellistin\" src=\"https:\/\/www.christine-rauh.com\/de\/files\/2012\/06\/christine_rauh_cellistin_015-535x355.jpg\" alt=\"Christine Rauh, Cellistin\" width=\"535\" height=\"355\" srcset=\"https:\/\/www.christine-rauh.com\/de\/files\/2012\/06\/christine_rauh_cellistin_015-535x355.jpg 535w, https:\/\/www.christine-rauh.com\/de\/files\/2012\/06\/christine_rauh_cellistin_015-165x110.jpg 165w, https:\/\/www.christine-rauh.com\/de\/files\/2012\/06\/christine_rauh_cellistin_015.jpg 850w\" sizes=\"(max-width: 535px) 100vw, 535px\" \/><\/a>Ich danke allen Fans f\u00fcr unvergessliche Konzerte! Die Stimmung im Saal war berauschend und das gegenseitige &#8222;sich hochschaukeln&#8220; nahm ja fast kein Ende \ud83d\ude09 Ich bin mit innerer Erf\u00fcllung und viel Freude von den Konzerten zur\u00fcckgekehrt, nicht zuletzt auch wegen der vielen R\u00fcckmeldung, die ich nach den Konzerten per Mail erhielt. Hier nur mal ein kleiner Auszug.<\/p>\n<p>Magrit, Karin und Ullrich M.<br \/> &#8230; wir geh\u00f6ren seit gestern abend zu Ihren Fans. Ihre besondere Ausstrahlung als K\u00fcnsterlerin ist im Konzertsaal selten zu erleben. Ihr historisches Instrument erklang unter Ihrer Musikalit\u00e4t einfach bezaubernd und wir hoffen, dass Sie es noch lange spielen d\u00fcrfen. Viel Anerkennung und viel Freude auf Ihren weiteren Stationen.<\/p>\n<p>Frank H.<br \/> Hallo Christine, komme gerade vom Konzert in der Laeiszhalle zur\u00fcck. Was Du aus dem<br \/> Cello herausholst und mit welcher Lockerheit &#8211; Chapeau! Vielen Dank<br \/> f\u00fcr einen tollen Abend &#8211; Du hast einen Fan mehr!<\/p>\n<p>Hans V.<br \/> &#8230;&#8230;..es war die helle Freude! Vielen Dank f\u00fcr einen tollen Abend.<\/p>\n<p>Alexander W.<br \/> Mit meiner Mail m\u00f6chte Ihnen gerne viele Gr\u00fc\u00dfe senden und meine Hochachtung gegen\u00fc\u00fcber Ihrem K\u00f6nnen zum Ausdruck bringen.<\/p>\n<p>Christian B.<br \/> Wow! Was f\u00fcr ein Abend! Unterhaltsam und total begeisternd! Danke \ud83d\ude42<\/p>\n<p>Gerhard S.<br \/> Ein Konzert der etwas anderen Art, wir waren hin und weg! Bravo!<\/p>\n","protected":false},"excerpt":{"rendered":"<p>Ich danke allen Fans f\u00fcr unvergessliche Konzerte! Die Stimmung im Saal war berauschend und das gegenseitige &#8222;sich hochschaukeln&#8220; nahm ja fast kein Ende \ud83d\ude09 Ich bin mit innerer Erf\u00fcllung und viel Freude von den \u2026<\/p>\n","protected":false},"author":1,"featured_media":2239,"comment_status":"closed","ping_status":"closed","sticky":false,"template":"","format":"standard","meta":{"_acf_changed":false,"footnotes":""},"categories":[4],"tags":[],"class_list":["post-2460","post","type-post","status-publish","format-standard","has-post-thumbnail","hentry","category-blog-de"],"acf":[],"yoast_head":"<!-- This site is optimized with the Yoast SEO plugin v23.2 - https:\/\/yoast.com\/wordpress\/plugins\/seo\/ -->\n<title>Danke an alle Fans! - Christine Rauh - Cellistin &amp; Moderatorin<\/title>\n<meta name=\"description\" content=\"Ich danke allen Fans f\u00fcr unvergessliche Konzerte! Die Stimmung im Saal war berauschend und das gegenseitige &quot;sich hochschaukeln&quot; nahm ja fast kein Ende ;-) Ich bin mit innerer Erf\u00fcllung und viel Freude von den Konzerten zur\u00fcckgekehrt, nicht zuletzt auch wegen der vielen R\u00fcckmeldung, die ich nach den Konzerten per Mail erhielt. Hier nur mal ein kleiner Auszug.\" \/>\n<meta name=\"robots\" content=\"index, follow, max-snippet:-1, max-image-preview:large, max-video-preview:-1\" \/>\n<link rel=\"canonical\" href=\"https:\/\/www.christine-rauh.com\/de\/danke-alle-fans\/\" \/>\n<meta name=\"twitter:label1\" content=\"Verfasst von\" \/>\n\t<meta name=\"twitter:data1\" content=\"Christine Rauh Admin\" \/>\n\t<meta name=\"twitter:label2\" content=\"Gesch\u00e4tzte Lesezeit\" \/>\n\t<meta name=\"twitter:data2\" content=\"1\u00a0Minute\" \/>\n<script type=\"application\/ld+json\" class=\"yoast-schema-graph\">{\"@context\":\"https:\/\/schema.org\",\"@graph\":[{\"@type\":\"WebPage\",\"@id\":\"https:\/\/www.christine-rauh.com\/de\/danke-alle-fans\/\",\"url\":\"https:\/\/www.christine-rauh.com\/de\/danke-alle-fans\/\",\"name\":\"Danke an alle Fans! - Christine Rauh - Cellistin &amp; Moderatorin\",\"isPartOf\":{\"@id\":\"https:\/\/www.christine-rauh.com\/de\/#website\"},\"primaryImageOfPage\":{\"@id\":\"https:\/\/www.christine-rauh.com\/de\/danke-alle-fans\/#primaryimage\"},\"image\":{\"@id\":\"https:\/\/www.christine-rauh.com\/de\/danke-alle-fans\/#primaryimage\"},\"thumbnailUrl\":\"https:\/\/www.christine-rauh.com\/de\/files\/2012\/06\/christine_rauh_cellistin_015.jpg\",\"datePublished\":\"2014-04-14T17:12:51+00:00\",\"dateModified\":\"2014-05-08T20:31:03+00:00\",\"author\":{\"@id\":\"https:\/\/www.christine-rauh.com\/de\/#\/schema\/person\/59ff899064035a20f5c49f5c5f18cd8f\"},\"description\":\"Ich danke allen Fans f\u00fcr unvergessliche Konzerte! Die Stimmung im Saal war berauschend und das gegenseitige \\\"sich hochschaukeln\\\" nahm ja fast kein Ende ;-) Ich bin mit innerer Erf\u00fcllung und viel Freude von den Konzerten zur\u00fcckgekehrt, nicht zuletzt auch wegen der vielen R\u00fcckmeldung, die ich nach den Konzerten per Mail erhielt. Hier nur mal ein kleiner Auszug.\",\"inLanguage\":\"de\",\"potentialAction\":[{\"@type\":\"ReadAction\",\"target\":[\"https:\/\/www.christine-rauh.com\/de\/danke-alle-fans\/\"]}]},{\"@type\":\"ImageObject\",\"inLanguage\":\"de\",\"@id\":\"https:\/\/www.christine-rauh.com\/de\/danke-alle-fans\/#primaryimage\",\"url\":\"https:\/\/www.christine-rauh.com\/de\/files\/2012\/06\/christine_rauh_cellistin_015.jpg\",\"contentUrl\":\"https:\/\/www.christine-rauh.com\/de\/files\/2012\/06\/christine_rauh_cellistin_015.jpg\",\"width\":850,\"height\":565,\"caption\":\"Christine Rauh, Cellistin\"},{\"@type\":\"WebSite\",\"@id\":\"https:\/\/www.christine-rauh.com\/de\/#website\",\"url\":\"https:\/\/www.christine-rauh.com\/de\/\",\"name\":\"Christine Rauh - Cellistin &amp; Moderatorin\",\"description\":\"\",\"potentialAction\":[{\"@type\":\"SearchAction\",\"target\":{\"@type\":\"EntryPoint\",\"urlTemplate\":\"https:\/\/www.christine-rauh.com\/de\/?s={search_term_string}\"},\"query-input\":\"required name=search_term_string\"}],\"inLanguage\":\"de\"},{\"@type\":\"Person\",\"@id\":\"https:\/\/www.christine-rauh.com\/de\/#\/schema\/person\/59ff899064035a20f5c49f5c5f18cd8f\",\"name\":\"Christine Rauh Admin\",\"url\":\"https:\/\/www.christine-rauh.com\/de\/author\/christine-rauh-admin\/\"}]}<\/script>\n<!-- \/ Yoast SEO plugin. -->","yoast_head_json":{"title":"Danke an alle Fans! - Christine Rauh - Cellistin &amp; Moderatorin","description":"Ich danke allen Fans f\u00fcr unvergessliche Konzerte! Die Stimmung im Saal war berauschend und das gegenseitige \"sich hochschaukeln\" nahm ja fast kein Ende ;-) Ich bin mit innerer Erf\u00fcllung und viel Freude von den Konzerten zur\u00fcckgekehrt, nicht zuletzt auch wegen der vielen R\u00fcckmeldung, die ich nach den Konzerten per Mail erhielt. Hier nur mal ein kleiner Auszug.","robots":{"index":"index","follow":"follow","max-snippet":"max-snippet:-1","max-image-preview":"max-image-preview:large","max-video-preview":"max-video-preview:-1"},"canonical":"https:\/\/www.christine-rauh.com\/de\/danke-alle-fans\/","twitter_misc":{"Verfasst von":"Christine Rauh Admin","Gesch\u00e4tzte Lesezeit":"1\u00a0Minute"},"schema":{"@context":"https:\/\/schema.org","@graph":[{"@type":"WebPage","@id":"https:\/\/www.christine-rauh.com\/de\/danke-alle-fans\/","url":"https:\/\/www.christine-rauh.com\/de\/danke-alle-fans\/","name":"Danke an alle Fans! - Christine Rauh - Cellistin &amp; Moderatorin","isPartOf":{"@id":"https:\/\/www.christine-rauh.com\/de\/#website"},"primaryImageOfPage":{"@id":"https:\/\/www.christine-rauh.com\/de\/danke-alle-fans\/#primaryimage"},"image":{"@id":"https:\/\/www.christine-rauh.com\/de\/danke-alle-fans\/#primaryimage"},"thumbnailUrl":"https:\/\/www.christine-rauh.com\/de\/files\/2012\/06\/christine_rauh_cellistin_015.jpg","datePublished":"2014-04-14T17:12:51+00:00","dateModified":"2014-05-08T20:31:03+00:00","author":{"@id":"https:\/\/www.christine-rauh.com\/de\/#\/schema\/person\/59ff899064035a20f5c49f5c5f18cd8f"},"description":"Ich danke allen Fans f\u00fcr unvergessliche Konzerte! Die Stimmung im Saal war berauschend und das gegenseitige \"sich hochschaukeln\" nahm ja fast kein Ende ;-) Ich bin mit innerer Erf\u00fcllung und viel Freude von den Konzerten zur\u00fcckgekehrt, nicht zuletzt auch wegen der vielen R\u00fcckmeldung, die ich nach den Konzerten per Mail erhielt. Hier nur mal ein kleiner Auszug.","inLanguage":"de","potentialAction":[{"@type":"ReadAction","target":["https:\/\/www.christine-rauh.com\/de\/danke-alle-fans\/"]}]},{"@type":"ImageObject","inLanguage":"de","@id":"https:\/\/www.christine-rauh.com\/de\/danke-alle-fans\/#primaryimage","url":"https:\/\/www.christine-rauh.com\/de\/files\/2012\/06\/christine_rauh_cellistin_015.jpg","contentUrl":"https:\/\/www.christine-rauh.com\/de\/files\/2012\/06\/christine_rauh_cellistin_015.jpg","width":850,"height":565,"caption":"Christine Rauh, Cellistin"},{"@type":"WebSite","@id":"https:\/\/www.christine-rauh.com\/de\/#website","url":"https:\/\/www.christine-rauh.com\/de\/","name":"Christine Rauh - Cellistin &amp; Moderatorin","description":"","potentialAction":[{"@type":"SearchAction","target":{"@type":"EntryPoint","urlTemplate":"https:\/\/www.christine-rauh.com\/de\/?s={search_term_string}"},"query-input":"required name=search_term_string"}],"inLanguage":"de"},{"@type":"Person","@id":"https:\/\/www.christine-rauh.com\/de\/#\/schema\/person\/59ff899064035a20f5c49f5c5f18cd8f","name":"Christine Rauh Admin","url":"https:\/\/www.christine-rauh.com\/de\/author\/christine-rauh-admin\/"}]}},"_links":{"self":[{"href":"https:\/\/www.christine-rauh.com\/de\/wp-json\/wp\/v2\/posts\/2460"}],"collection":[{"href":"https:\/\/www.christine-rauh.com\/de\/wp-json\/wp\/v2\/posts"}],"about":[{"href":"https:\/\/www.christine-rauh.com\/de\/wp-json\/wp\/v2\/types\/post"}],"author":[{"embeddable":true,"href":"https:\/\/www.christine-rauh.com\/de\/wp-json\/wp\/v2\/users\/1"}],"replies":[{"embeddable":true,"href":"https:\/\/www.christine-rauh.com\/de\/wp-json\/wp\/v2\/comments?post=2460"}],"version-history":[{"count":11,"href":"https:\/\/www.christine-rauh.com\/de\/wp-json\/wp\/v2\/posts\/2460\/revisions"}],"predecessor-version":[{"id":2482,"href":"https:\/\/www.christine-rauh.com\/de\/wp-json\/wp\/v2\/posts\/2460\/revisions\/2482"}],"wp:featuredmedia":[{"embeddable":true,"href":"https:\/\/www.christine-rauh.com\/de\/wp-json\/wp\/v2\/media\/2239"}],"wp:attachment":[{"href":"https:\/\/www.christine-rauh.com\/de\/wp-json\/wp\/v2\/media?parent=2460"}],"wp:term":[{"taxonomy":"category","embeddable":true,"href":"https:\/\/www.christine-rauh.com\/de\/wp-json\/wp\/v2\/categories?post=2460"},{"taxonomy":"post_tag","embeddable":true,"href":"https:\/\/www.christine-rauh.com\/de\/wp-json\/wp\/v2\/tags?post=2460"}],"curies":[{"name":"wp","href":"https:\/\/api.w.org\/{rel}","templated":true}]}}