{"id":1960,"date":"2012-11-19T19:13:14","date_gmt":"2012-11-19T18:13:14","guid":{"rendered":"https:\/\/www.christine-rauh.com\/de\/?p=1960"},"modified":"2013-02-25T16:28:10","modified_gmt":"2013-02-25T15:28:10","slug":"in-memoriam-gerhard-mantel","status":"publish","type":"post","link":"https:\/\/www.christine-rauh.com\/de\/in-memoriam-gerhard-mantel\/","title":{"rendered":"In Memoriam Gerhard Mantel"},"content":{"rendered":"<p>31.12.1930 \u2013 13.6.2012<\/p>\n<p>Ich m\u00f6chte an den Cellisten Gerhard Mantel erinnern, der k\u00fcrzlich verstorben ist und mit dem mich\u00a0eine einzigartige Freundschaft und langj\u00e4hrige intensive Zusammenarbeit\u00a0verbindet.<\/p>\n<p>Gerhard Mantel war nicht nur ein pr\u00e4zise denkender Musiker, sondern ein au\u00dfergew\u00f6hnlicher und sensibler P\u00e4dagoge. Gepr\u00e4gt von einer scharfen Beobachtungsgabe ist er Dingen immer auf den Grund gegangen, hat sie effizient auf den Punkt gebracht und dabei den Blick nach vorne nie verloren. Mit seiner unerm\u00fcdlichen und unb\u00e4ndigen Wissbegierde, seiner enormen Offenheit f\u00fcr das Leben, hat er sich nicht immer nur neu mit seinem Umfeld und den Prozessen auf der Welt auseinandergesetzt, Ver\u00e4nderungen nicht nur akzeptiert, sondern war an ihnen aktiv interessiert. Ich habe Gerhard als einen weitsichtigen, reflektierenden und konstruktiven Menschen kennengelernt. Er war stets auf der Suche nach neuen Zusammenh\u00e4ngen, hat \u00fcberlegt, gesucht und gefunden, und das mit der Neugier eines unerm\u00fcdlichen und uners\u00e4ttlichen Forschers.<\/p>\n<p>Gerhard war ein einzigartiger K\u00fcnstler, der sich nie in den Mittelpunkt stellte und dennoch eine starke, ganz eigene Pr\u00e4senz besa\u00df; ein Mensch, der sein Leben konsequent mit Aufrichtigkeit und Integrit\u00e4t f\u00fchrte. Die Erinnerung an Gerhard wird in mir lebendig sein und ihn nie vergessen lassen.<\/p>\n","protected":false},"excerpt":{"rendered":"<p>31.12.1930 \u2013 13.6.2012 Ich m\u00f6chte an den Cellisten Gerhard Mantel erinnern, der k\u00fcrzlich verstorben ist und mit dem mich\u00a0eine einzigartige Freundschaft und langj\u00e4hrige intensive Zusammenarbeit\u00a0verbindet. Gerhard Mantel war nicht nur ein pr\u00e4zise denkender Musiker, \u2026<\/p>\n","protected":false},"author":2,"featured_media":0,"comment_status":"closed","ping_status":"closed","sticky":false,"template":"","format":"standard","meta":{"_acf_changed":false,"footnotes":""},"categories":[4],"tags":[],"class_list":["post-1960","post","type-post","status-publish","format-standard","hentry","category-blog-de"],"acf":[],"yoast_head":"<!-- This site is optimized with the Yoast SEO plugin v23.2 - https:\/\/yoast.com\/wordpress\/plugins\/seo\/ -->\n<title>In Memoriam Gerhard Mantel  - Christine Rauh - Cellistin &amp; Moderatorin<\/title>\n<meta name=\"robots\" content=\"index, follow, max-snippet:-1, max-image-preview:large, max-video-preview:-1\" \/>\n<link rel=\"canonical\" href=\"https:\/\/www.christine-rauh.com\/de\/in-memoriam-gerhard-mantel\/\" \/>\n<meta name=\"twitter:label1\" content=\"Verfasst von\" \/>\n\t<meta name=\"twitter:data1\" content=\"Christine\" \/>\n\t<meta name=\"twitter:label2\" content=\"Gesch\u00e4tzte Lesezeit\" \/>\n\t<meta name=\"twitter:data2\" content=\"1\u00a0Minute\" \/>\n<script type=\"application\/ld+json\" class=\"yoast-schema-graph\">{\"@context\":\"https:\/\/schema.org\",\"@graph\":[{\"@type\":\"WebPage\",\"@id\":\"https:\/\/www.christine-rauh.com\/de\/in-memoriam-gerhard-mantel\/\",\"url\":\"https:\/\/www.christine-rauh.com\/de\/in-memoriam-gerhard-mantel\/\",\"name\":\"In Memoriam Gerhard Mantel - Christine Rauh - Cellistin &amp; Moderatorin\",\"isPartOf\":{\"@id\":\"https:\/\/www.christine-rauh.com\/de\/#website\"},\"datePublished\":\"2012-11-19T18:13:14+00:00\",\"dateModified\":\"2013-02-25T15:28:10+00:00\",\"author\":{\"@id\":\"https:\/\/www.christine-rauh.com\/de\/#\/schema\/person\/21751798cc35209c246b665151aa2f63\"},\"inLanguage\":\"de\",\"potentialAction\":[{\"@type\":\"ReadAction\",\"target\":[\"https:\/\/www.christine-rauh.com\/de\/in-memoriam-gerhard-mantel\/\"]}]},{\"@type\":\"WebSite\",\"@id\":\"https:\/\/www.christine-rauh.com\/de\/#website\",\"url\":\"https:\/\/www.christine-rauh.com\/de\/\",\"name\":\"Christine Rauh - Cellistin &amp; Moderatorin\",\"description\":\"\",\"potentialAction\":[{\"@type\":\"SearchAction\",\"target\":{\"@type\":\"EntryPoint\",\"urlTemplate\":\"https:\/\/www.christine-rauh.com\/de\/?s={search_term_string}\"},\"query-input\":\"required name=search_term_string\"}],\"inLanguage\":\"de\"},{\"@type\":\"Person\",\"@id\":\"https:\/\/www.christine-rauh.com\/de\/#\/schema\/person\/21751798cc35209c246b665151aa2f63\",\"name\":\"Christine\",\"url\":\"https:\/\/www.christine-rauh.com\/de\/author\/christine\/\"}]}<\/script>\n<!-- \/ Yoast SEO plugin. -->","yoast_head_json":{"title":"In Memoriam Gerhard Mantel  - Christine Rauh - Cellistin &amp; Moderatorin","robots":{"index":"index","follow":"follow","max-snippet":"max-snippet:-1","max-image-preview":"max-image-preview:large","max-video-preview":"max-video-preview:-1"},"canonical":"https:\/\/www.christine-rauh.com\/de\/in-memoriam-gerhard-mantel\/","twitter_misc":{"Verfasst von":"Christine","Gesch\u00e4tzte Lesezeit":"1\u00a0Minute"},"schema":{"@context":"https:\/\/schema.org","@graph":[{"@type":"WebPage","@id":"https:\/\/www.christine-rauh.com\/de\/in-memoriam-gerhard-mantel\/","url":"https:\/\/www.christine-rauh.com\/de\/in-memoriam-gerhard-mantel\/","name":"In Memoriam Gerhard Mantel - Christine Rauh - Cellistin &amp; Moderatorin","isPartOf":{"@id":"https:\/\/www.christine-rauh.com\/de\/#website"},"datePublished":"2012-11-19T18:13:14+00:00","dateModified":"2013-02-25T15:28:10+00:00","author":{"@id":"https:\/\/www.christine-rauh.com\/de\/#\/schema\/person\/21751798cc35209c246b665151aa2f63"},"inLanguage":"de","potentialAction":[{"@type":"ReadAction","target":["https:\/\/www.christine-rauh.com\/de\/in-memoriam-gerhard-mantel\/"]}]},{"@type":"WebSite","@id":"https:\/\/www.christine-rauh.com\/de\/#website","url":"https:\/\/www.christine-rauh.com\/de\/","name":"Christine Rauh - Cellistin &amp; Moderatorin","description":"","potentialAction":[{"@type":"SearchAction","target":{"@type":"EntryPoint","urlTemplate":"https:\/\/www.christine-rauh.com\/de\/?s={search_term_string}"},"query-input":"required name=search_term_string"}],"inLanguage":"de"},{"@type":"Person","@id":"https:\/\/www.christine-rauh.com\/de\/#\/schema\/person\/21751798cc35209c246b665151aa2f63","name":"Christine","url":"https:\/\/www.christine-rauh.com\/de\/author\/christine\/"}]}},"_links":{"self":[{"href":"https:\/\/www.christine-rauh.com\/de\/wp-json\/wp\/v2\/posts\/1960"}],"collection":[{"href":"https:\/\/www.christine-rauh.com\/de\/wp-json\/wp\/v2\/posts"}],"about":[{"href":"https:\/\/www.christine-rauh.com\/de\/wp-json\/wp\/v2\/types\/post"}],"author":[{"embeddable":true,"href":"https:\/\/www.christine-rauh.com\/de\/wp-json\/wp\/v2\/users\/2"}],"replies":[{"embeddable":true,"href":"https:\/\/www.christine-rauh.com\/de\/wp-json\/wp\/v2\/comments?post=1960"}],"version-history":[{"count":18,"href":"https:\/\/www.christine-rauh.com\/de\/wp-json\/wp\/v2\/posts\/1960\/revisions"}],"predecessor-version":[{"id":1969,"href":"https:\/\/www.christine-rauh.com\/de\/wp-json\/wp\/v2\/posts\/1960\/revisions\/1969"}],"wp:attachment":[{"href":"https:\/\/www.christine-rauh.com\/de\/wp-json\/wp\/v2\/media?parent=1960"}],"wp:term":[{"taxonomy":"category","embeddable":true,"href":"https:\/\/www.christine-rauh.com\/de\/wp-json\/wp\/v2\/categories?post=1960"},{"taxonomy":"post_tag","embeddable":true,"href":"https:\/\/www.christine-rauh.com\/de\/wp-json\/wp\/v2\/tags?post=1960"}],"curies":[{"name":"wp","href":"https:\/\/api.w.org\/{rel}","templated":true}]}}